{"id":3025,"date":"2023-05-17T23:23:10","date_gmt":"2023-05-17T20:23:10","guid":{"rendered":"https:\/\/www.asiyanmusikidernegi.com\/?p=3025"},"modified":"2023-05-17T23:23:11","modified_gmt":"2023-05-17T20:23:11","slug":"cumhuriyetimizin-100-yili-konseri","status":"publish","type":"post","link":"https:\/\/www.asiyanmusikidernegi.com\/index.php\/2023\/05\/17\/cumhuriyetimizin-100-yili-konseri\/","title":{"rendered":"Cumhuriyetimizin 100. Y\u0131l\u0131 Konseri"},"content":{"rendered":"\n<p>A\u015fiyan Musiki Derne\u011fi&#8217;nin y\u0131l sonu \u015f\u00f6leni olarak haz\u0131rlanan \u015eef Sad\u0131k KAVAS y\u00f6netimindeki konser 2 b\u00f6l\u00fcmd\u00fcr. \u0130lk b\u00f6l\u00fcmde K\u00fcrd\u00eeli Hicazk\u00e2r ve Nih\u00e2vend mak\u00e2m\u0131nda eserlerle beraber ve solo eserler sunulacakt\u0131r<\/p>\n\n\n\n<ol class=\"wp-block-list\" start=\"2\">\n<li>B\u00f6l\u00fcmde ise; g\u00fcn\u00fcn sevilen \u015fark\u0131lar\u0131 ile solistlerimizden birbirine ba\u011fl\u0131 ve A\u015e\u0130YAN SEF\u00c2SI olarak dinleyeceksiniz.<\/li>\n<\/ol>\n","protected":false},"excerpt":{"rendered":"<p>A\u015fiyan Musiki Derne\u011fi&#8217;nin y\u0131l sonu \u015f\u00f6leni olarak haz\u0131rlanan \u015eef Sad\u0131k KAVAS y\u00f6netimindeki konser 2 b\u00f6l\u00fcmd\u00fcr. \u0130lk b\u00f6l\u00fcmde K\u00fcrd\u00eeli Hicazk\u00e2r ve<\/p>\n","protected":false},"author":1,"featured_media":3026,"comment_status":"open","ping_status":"open","sticky":false,"template":"","format":"standard","meta":{"footnotes":""},"categories":[25],"tags":[],"class_list":["post-3025","post","type-post","status-publish","format-standard","has-post-thumbnail","hentry","category-konserler"],"_links":{"self":[{"href":"https:\/\/www.asiyanmusikidernegi.com\/index.php\/wp-json\/wp\/v2\/posts\/3025","targetHints":{"allow":["GET"]}}],"collection":[{"href":"https:\/\/www.asiyanmusikidernegi.com\/index.php\/wp-json\/wp\/v2\/posts"}],"about":[{"href":"https:\/\/www.asiyanmusikidernegi.com\/index.php\/wp-json\/wp\/v2\/types\/post"}],"author":[{"embeddable":true,"href":"https:\/\/www.asiyanmusikidernegi.com\/index.php\/wp-json\/wp\/v2\/users\/1"}],"replies":[{"embeddable":true,"href":"https:\/\/www.asiyanmusikidernegi.com\/index.php\/wp-json\/wp\/v2\/comments?post=3025"}],"version-history":[{"count":1,"href":"https:\/\/www.asiyanmusikidernegi.com\/index.php\/wp-json\/wp\/v2\/posts\/3025\/revisions"}],"predecessor-version":[{"id":3027,"href":"https:\/\/www.asiyanmusikidernegi.com\/index.php\/wp-json\/wp\/v2\/posts\/3025\/revisions\/3027"}],"wp:featuredmedia":[{"embeddable":true,"href":"https:\/\/www.asiyanmusikidernegi.com\/index.php\/wp-json\/wp\/v2\/media\/3026"}],"wp:attachment":[{"href":"https:\/\/www.asiyanmusikidernegi.com\/index.php\/wp-json\/wp\/v2\/media?parent=3025"}],"wp:term":[{"taxonomy":"category","embeddable":true,"href":"https:\/\/www.asiyanmusikidernegi.com\/index.php\/wp-json\/wp\/v2\/categories?post=3025"},{"taxonomy":"post_tag","embeddable":true,"href":"https:\/\/www.asiyanmusikidernegi.com\/index.php\/wp-json\/wp\/v2\/tags?post=3025"}],"curies":[{"name":"wp","href":"https:\/\/api.w.org\/{rel}","templated":true}]}}