{"id":3029,"date":"2023-11-29T14:46:42","date_gmt":"2023-11-29T11:46:42","guid":{"rendered":"https:\/\/www.asiyanmusikidernegi.com\/?p=3029"},"modified":"2023-11-29T14:46:45","modified_gmt":"2023-11-29T11:46:45","slug":"sef-sadik-kavas-50-sanat-yili-konseri","status":"publish","type":"post","link":"https:\/\/www.asiyanmusikidernegi.com\/index.php\/2023\/11\/29\/sef-sadik-kavas-50-sanat-yili-konseri\/","title":{"rendered":"\u015eef Sad\u0131k Kavas 50. Sanat Y\u0131l\u0131 Konseri"},"content":{"rendered":"\n<p>A\u015fiyan M\u00fbs\u0131k\u00ee Derne\u011fi 20. Y\u0131l\u0131nda, 75. Seri konseri ile ayn\u0131 zamanda Kurucusu Kanun Sanat\u00e7\u0131s\u0131 Sad\u0131k KAVAS&#8217;\u0131n 50. Sanat y\u0131l\u0131n\u0131 kutluyor.<\/p>\n\n\n\n<p>Adeta m\u00fbs\u0131k\u00ee \u015f\u00f6leni olan bu \u00e7ok \u00f6zel konser 2. B\u00f6l\u00fcm olarak haz\u0131rland\u0131.<\/p>\n\n\n\n<ol class=\"wp-block-list\">\n<li>B\u00f6l\u00fcmde Sad\u0131k KAVAS&#8217;\u0131n \u015fefli\u011finde A\u015fiyan Mus\u0131ki Derne\u011fi Korosu K\u00fcrd\u00eeli Hicazk\u00e2r Mak\u00e2m\u0131n\u0131n en \u00f6zel eserleriyle yer al\u0131rken<\/li>\n\n\n\n<li>B\u00f6l\u00fcmde; 10 Konuk Sanat\u00e7\u0131 yer al\u0131yor.<\/li>\n<\/ol>\n\n\n\n<p>KONSER \u00dcCRETS\u0130Z OLUP G\u0130R\u0130\u015e\u00a0SERBESTT\u0130R.<\/p>\n\n\n\n<figure class=\"wp-block-image size-large\"><img loading=\"lazy\" decoding=\"async\" width=\"721\" height=\"1024\" src=\"https:\/\/www.asiyanmusikidernegi.com\/wp-content\/uploads\/2023\/11\/WhatsApp-Gorsel-2023-11-26-saat-21.27.50_8272b035-721x1024.jpg\" alt=\"\" class=\"wp-image-3030\" srcset=\"https:\/\/www.asiyanmusikidernegi.com\/wp-content\/uploads\/2023\/11\/WhatsApp-Gorsel-2023-11-26-saat-21.27.50_8272b035-721x1024.jpg 721w, https:\/\/www.asiyanmusikidernegi.com\/wp-content\/uploads\/2023\/11\/WhatsApp-Gorsel-2023-11-26-saat-21.27.50_8272b035-211x300.jpg 211w, https:\/\/www.asiyanmusikidernegi.com\/wp-content\/uploads\/2023\/11\/WhatsApp-Gorsel-2023-11-26-saat-21.27.50_8272b035-768x1090.jpg 768w, https:\/\/www.asiyanmusikidernegi.com\/wp-content\/uploads\/2023\/11\/WhatsApp-Gorsel-2023-11-26-saat-21.27.50_8272b035-1082x1536.jpg 1082w, https:\/\/www.asiyanmusikidernegi.com\/wp-content\/uploads\/2023\/11\/WhatsApp-Gorsel-2023-11-26-saat-21.27.50_8272b035.jpg 1127w\" sizes=\"auto, (max-width: 721px) 100vw, 721px\" \/><\/figure>\n","protected":false},"excerpt":{"rendered":"<p>A\u015fiyan M\u00fbs\u0131k\u00ee Derne\u011fi 20. Y\u0131l\u0131nda, 75. Seri konseri ile ayn\u0131 zamanda Kurucusu Kanun Sanat\u00e7\u0131s\u0131 Sad\u0131k KAVAS&#8217;\u0131n 50. Sanat y\u0131l\u0131n\u0131 kutluyor.<\/p>\n","protected":false},"author":1,"featured_media":3030,"comment_status":"open","ping_status":"open","sticky":false,"template":"","format":"standard","meta":{"footnotes":""},"categories":[1,25],"tags":[17,57,22,59,18],"class_list":["post-3029","post","type-post","status-publish","format-standard","has-post-thumbnail","hentry","category-duyurular","category-konserler","tag-asiyan","tag-asiyan-musiki-derneginin-sef-sadik-kavas-yonetimindeki-sezon-sonu-konserinin-1-bolumde-huzzam","tag-kanun-dersleri","tag-konser","tag-musiki"],"_links":{"self":[{"href":"https:\/\/www.asiyanmusikidernegi.com\/index.php\/wp-json\/wp\/v2\/posts\/3029","targetHints":{"allow":["GET"]}}],"collection":[{"href":"https:\/\/www.asiyanmusikidernegi.com\/index.php\/wp-json\/wp\/v2\/posts"}],"about":[{"href":"https:\/\/www.asiyanmusikidernegi.com\/index.php\/wp-json\/wp\/v2\/types\/post"}],"author":[{"embeddable":true,"href":"https:\/\/www.asiyanmusikidernegi.com\/index.php\/wp-json\/wp\/v2\/users\/1"}],"replies":[{"embeddable":true,"href":"https:\/\/www.asiyanmusikidernegi.com\/index.php\/wp-json\/wp\/v2\/comments?post=3029"}],"version-history":[{"count":1,"href":"https:\/\/www.asiyanmusikidernegi.com\/index.php\/wp-json\/wp\/v2\/posts\/3029\/revisions"}],"predecessor-version":[{"id":3031,"href":"https:\/\/www.asiyanmusikidernegi.com\/index.php\/wp-json\/wp\/v2\/posts\/3029\/revisions\/3031"}],"wp:featuredmedia":[{"embeddable":true,"href":"https:\/\/www.asiyanmusikidernegi.com\/index.php\/wp-json\/wp\/v2\/media\/3030"}],"wp:attachment":[{"href":"https:\/\/www.asiyanmusikidernegi.com\/index.php\/wp-json\/wp\/v2\/media?parent=3029"}],"wp:term":[{"taxonomy":"category","embeddable":true,"href":"https:\/\/www.asiyanmusikidernegi.com\/index.php\/wp-json\/wp\/v2\/categories?post=3029"},{"taxonomy":"post_tag","embeddable":true,"href":"https:\/\/www.asiyanmusikidernegi.com\/index.php\/wp-json\/wp\/v2\/tags?post=3029"}],"curies":[{"name":"wp","href":"https:\/\/api.w.org\/{rel}","templated":true}]}}